{"id":6429,"date":"2021-01-24T20:24:47","date_gmt":"2021-01-24T20:24:47","guid":{"rendered":"https:\/\/pabloporras.com\/?p=6429"},"modified":"2024-09-07T21:31:24","modified_gmt":"2024-09-07T21:31:24","slug":"la-primera-vez-en-el-cocuy-cloned","status":"publish","type":"post","link":"https:\/\/pabloporras.com\/?p=6429","title":{"rendered":"La primera vez en el Cocuy"},"content":{"rendered":"<p><div class=\"fusion-fullwidth fullwidth-box fusion-builder-row-1 fusion-flex-container nonhundred-percent-fullwidth non-hundred-percent-height-scrolling\" style=\"--awb-border-radius-top-left:0px;--awb-border-radius-top-right:0px;--awb-border-radius-bottom-right:0px;--awb-border-radius-bottom-left:0px;--awb-flex-wrap:wrap;\" ><div class=\"fusion-builder-row fusion-row fusion-flex-align-items-flex-start fusion-flex-content-wrap\" style=\"max-width:1248px;margin-left: calc(-4% \/ 2 );margin-right: calc(-4% \/ 2 );\"><div class=\"fusion-layout-column fusion_builder_column fusion-builder-column-0 fusion_builder_column_1_1 1_1 fusion-flex-column\" style=\"--awb-bg-size:cover;--awb-width-large:100%;--awb-margin-top-large:0px;--awb-spacing-right-large:1.92%;--awb-margin-bottom-large:0px;--awb-spacing-left-large:1.92%;--awb-width-medium:100%;--awb-spacing-right-medium:1.92%;--awb-spacing-left-medium:1.92%;--awb-width-small:100%;--awb-spacing-right-small:1.92%;--awb-spacing-left-small:1.92%;\"><div class=\"fusion-column-wrapper fusion-flex-justify-content-flex-start fusion-content-layout-column\"><div class=\"fusion-image-carousel fusion-image-carousel-auto fusion-image-carousel-1\"><div class=\"awb-carousel awb-swiper awb-swiper-carousel\" data-autoplay=\"yes\" data-columns=\"1\" data-itemmargin=\"13\" data-itemwidth=\"180\" data-touchscroll=\"yes\" data-imagesize=\"auto\" style=\"--awb-columns:1;\"><div class=\"swiper-wrapper awb-image-carousel-wrapper fusion-flex-align-items-center\"><div class=\"swiper-slide\"><div class=\"fusion-carousel-item-wrapper\"><div class=\"fusion-image-wrapper hover-type-none\"><img decoding=\"async\" width=\"800\" height=\"600\" src=\"https:\/\/pabloporras.com\/wp-content\/uploads\/2021\/05\/Cocuy91110.jpg\" class=\"attachment-full size-full\" alt=\"\" srcset=\"https:\/\/pabloporras.com\/wp-content\/uploads\/2021\/05\/Cocuy91110-300x225.jpg 300w, https:\/\/pabloporras.com\/wp-content\/uploads\/2021\/05\/Cocuy91110-768x576.jpg 768w, https:\/\/pabloporras.com\/wp-content\/uploads\/2021\/05\/Cocuy91110.jpg 800w\" sizes=\"(max-width: 800px) 100vw, 800px\" \/><\/div><\/div><\/div><div class=\"swiper-slide\"><div class=\"fusion-carousel-item-wrapper\"><div class=\"fusion-image-wrapper hover-type-none\"><img decoding=\"async\" width=\"800\" height=\"600\" src=\"https:\/\/pabloporras.com\/wp-content\/uploads\/2021\/05\/Cocuy91023.jpg\" class=\"attachment-full size-full\" alt=\"\" srcset=\"https:\/\/pabloporras.com\/wp-content\/uploads\/2021\/05\/Cocuy91023-300x225.jpg 300w, https:\/\/pabloporras.com\/wp-content\/uploads\/2021\/05\/Cocuy91023-768x576.jpg 768w, https:\/\/pabloporras.com\/wp-content\/uploads\/2021\/05\/Cocuy91023.jpg 800w\" sizes=\"(max-width: 800px) 100vw, 800px\" \/><\/div><\/div><\/div><div class=\"swiper-slide\"><div class=\"fusion-carousel-item-wrapper\"><div class=\"fusion-image-wrapper hover-type-none\"><img decoding=\"async\" width=\"800\" height=\"600\" src=\"https:\/\/pabloporras.com\/wp-content\/uploads\/2021\/05\/Cocuy91037.jpg\" class=\"attachment-full size-full\" alt=\"\" srcset=\"https:\/\/pabloporras.com\/wp-content\/uploads\/2021\/05\/Cocuy91037-300x225.jpg 300w, https:\/\/pabloporras.com\/wp-content\/uploads\/2021\/05\/Cocuy91037-768x576.jpg 768w, https:\/\/pabloporras.com\/wp-content\/uploads\/2021\/05\/Cocuy91037.jpg 800w\" sizes=\"(max-width: 800px) 100vw, 800px\" \/><\/div><\/div><\/div><div class=\"swiper-slide\"><div class=\"fusion-carousel-item-wrapper\"><div class=\"fusion-image-wrapper hover-type-none\"><img decoding=\"async\" width=\"800\" height=\"600\" src=\"https:\/\/pabloporras.com\/wp-content\/uploads\/2021\/05\/Cocuy91135.jpg\" class=\"attachment-full size-full\" alt=\"\" srcset=\"https:\/\/pabloporras.com\/wp-content\/uploads\/2021\/05\/Cocuy91135-300x225.jpg 300w, https:\/\/pabloporras.com\/wp-content\/uploads\/2021\/05\/Cocuy91135-768x576.jpg 768w, https:\/\/pabloporras.com\/wp-content\/uploads\/2021\/05\/Cocuy91135.jpg 800w\" sizes=\"(max-width: 800px) 100vw, 800px\" \/><\/div><\/div><\/div><div class=\"swiper-slide\"><div class=\"fusion-carousel-item-wrapper\"><div class=\"fusion-image-wrapper hover-type-none\"><img decoding=\"async\" width=\"800\" height=\"600\" src=\"https:\/\/pabloporras.com\/wp-content\/uploads\/2021\/05\/Cocuy91029.jpg\" class=\"attachment-full size-full\" alt=\"\" srcset=\"https:\/\/pabloporras.com\/wp-content\/uploads\/2021\/05\/Cocuy91029-300x225.jpg 300w, https:\/\/pabloporras.com\/wp-content\/uploads\/2021\/05\/Cocuy91029-768x576.jpg 768w, https:\/\/pabloporras.com\/wp-content\/uploads\/2021\/05\/Cocuy91029.jpg 800w\" sizes=\"(max-width: 800px) 100vw, 800px\" \/><\/div><\/div><\/div><\/div><div class=\"awb-swiper-button awb-swiper-button-prev\"><i class=\"awb-icon-angle-left\" aria-hidden=\"true\"><\/i><\/div><div class=\"awb-swiper-button awb-swiper-button-next\"><i class=\"awb-icon-angle-right\" aria-hidden=\"true\"><\/i><\/div><\/div><\/div><div class=\"fusion-title title fusion-title-1 fusion-sep-none fusion-title-center fusion-title-text fusion-title-size-one\"><h1 class=\"fusion-title-heading title-heading-center\" style=\"margin:0;\"><p style=\"text-align: center;\"><strong>La primera vez en el Cocuy<\/strong><\/p><\/h1><\/div><\/div><\/div><div class=\"fusion-layout-column fusion_builder_column fusion-builder-column-1 fusion_builder_column_1_3 1_3 fusion-flex-column\" style=\"--awb-bg-size:cover;--awb-width-large:33.333333333333%;--awb-margin-top-large:0px;--awb-spacing-right-large:5.76%;--awb-margin-bottom-large:20px;--awb-spacing-left-large:5.76%;--awb-width-medium:33.333333333333%;--awb-order-medium:0;--awb-spacing-right-medium:5.76%;--awb-spacing-left-medium:5.76%;--awb-width-small:100%;--awb-order-small:0;--awb-spacing-right-small:1.92%;--awb-spacing-left-small:1.92%;\"><div class=\"fusion-column-wrapper fusion-column-has-shadow fusion-flex-justify-content-flex-start fusion-content-layout-column\"><div class=\"fusion-text fusion-text-1\"><p><span style=\"font-size: 14pt;\"><strong>Treinta a\u00f1os atr\u00e1s fui al Nevado del Cocuy por primera vez. Lo hice con el entusiasmo desbordado de quien quiere ver con sus propios ojos lo que otros le han mostrado en fotos y con la ayuda del mapa dibujado por Pedro Moreno, un santandereano que cayo rendido a sus pies y quiso compartir su gusto por este exuberante paisaje con todos los amantes de la alta monta\u00f1a.<\/strong><\/span><\/p>\n<p><span style=\"font-size: 14pt;\"><strong>Belleza en Casa. Colombia 1991-2021<\/strong><\/span><\/p>\n<\/div><div class=\"fusion-text fusion-text-2\"><p style=\"text-align: justify;\"><span style=\"font-size: 14pt;\">El Cocuy fue nuestra escuela de alta monta\u00f1a y en gran parte se lo debemos al mapa did\u00e1ctico dibujado en plumilla por Pedro Moreno Duarte (Q.E.P.D) el cual era replicado en copia de la fotocopia de un original que alg\u00fan monta\u00f1ista hab\u00eda adquirido en el Cocuy y era prestado sucesivamente hasta que se romp\u00eda por sus pliegues -A\u00fan conservo el m\u00edo-.<\/span><\/p>\n<p style=\"text-align: justify;\"><span style=\"font-size: 14pt;\">Pedro lleg\u00f3 de Bucaramanga y no le basto con enamorarse del paisaje del Cocuy, trabaj\u00f3 para promocionarlo tur\u00edsticamente y luch\u00f3 para plasmar en una maqueta su dibujo. El resultado fue el explicativo mapa en relieve del parque hecho a escala y con gran detalle en la plaza principal del pueblo donde todos lleg\u00e1bamos a estudiar la ruta por hacer y recalcular los d\u00edas de expedici\u00f3n.<\/span><\/p>\n<p style=\"text-align: justify;\"><span style=\"font-size: 14pt;\">Pedro, Paz en tu tumba. Colombia 1949-2021<\/span><\/p>\n<p>&nbsp;<\/p>\n<p style=\"text-align: justify;\">&nbsp;<\/p>\n<\/div><\/div><\/div><div class=\"fusion-layout-column fusion_builder_column fusion-builder-column-2 fusion_builder_column_2_3 2_3 fusion-flex-column\" style=\"--awb-bg-size:cover;--awb-width-large:66.666666666667%;--awb-margin-top-large:0px;--awb-spacing-right-large:2.88%;--awb-margin-bottom-large:20px;--awb-spacing-left-large:2.88%;--awb-width-medium:66.666666666667%;--awb-order-medium:0;--awb-spacing-right-medium:2.88%;--awb-spacing-left-medium:2.88%;--awb-width-small:100%;--awb-order-small:0;--awb-spacing-right-small:1.92%;--awb-spacing-left-small:1.92%;\"><div class=\"fusion-column-wrapper fusion-column-has-shadow fusion-flex-justify-content-flex-start fusion-content-layout-column\"><div class=\"fusion-image-element \" style=\"--awb-max-width:100px %;--awb-caption-title-font-family:var(--h2_typography-font-family);--awb-caption-title-font-weight:var(--h2_typography-font-weight);--awb-caption-title-font-style:var(--h2_typography-font-style);--awb-caption-title-size:var(--h2_typography-font-size);--awb-caption-title-transform:var(--h2_typography-text-transform);--awb-caption-title-line-height:var(--h2_typography-line-height);--awb-caption-title-letter-spacing:var(--h2_typography-letter-spacing);\"><span class=\" fusion-imageframe imageframe-none imageframe-1 hover-type-none\"><img decoding=\"async\" width=\"503\" height=\"800\" title=\"Cocuy91005\" src=\"https:\/\/pabloporras.com\/wp-content\/uploads\/2021\/05\/Cocuy91005.jpg\" alt class=\"img-responsive wp-image-5456\" srcset=\"https:\/\/pabloporras.com\/wp-content\/uploads\/2021\/05\/Cocuy91005-189x300.jpg 189w, https:\/\/pabloporras.com\/wp-content\/uploads\/2021\/05\/Cocuy91005.jpg 503w\" sizes=\"(max-width: 503px) 100vw, 503px\" \/><\/span><\/div><\/div><\/div><\/div><\/div><div class=\"fusion-fullwidth fullwidth-box fusion-builder-row-2 fusion-flex-container has-pattern-background has-mask-background nonhundred-percent-fullwidth non-hundred-percent-height-scrolling\" style=\"--awb-border-radius-top-left:0px;--awb-border-radius-top-right:0px;--awb-border-radius-bottom-right:0px;--awb-border-radius-bottom-left:0px;--awb-flex-wrap:wrap;\" ><div class=\"fusion-builder-row fusion-row fusion-flex-align-items-flex-start fusion-flex-content-wrap\" style=\"max-width:1248px;margin-left: calc(-4% \/ 2 );margin-right: calc(-4% \/ 2 );\"><div class=\"fusion-layout-column fusion_builder_column fusion-builder-column-3 fusion_builder_column_1_3 1_3 fusion-flex-column\" style=\"--awb-bg-size:cover;--awb-width-large:33.333333333333%;--awb-margin-top-large:0px;--awb-spacing-right-large:5.76%;--awb-margin-bottom-large:20px;--awb-spacing-left-large:5.76%;--awb-width-medium:33.333333333333%;--awb-order-medium:0;--awb-spacing-right-medium:5.76%;--awb-spacing-left-medium:5.76%;--awb-width-small:100%;--awb-order-small:0;--awb-spacing-right-small:1.92%;--awb-spacing-left-small:1.92%;\"><div class=\"fusion-column-wrapper fusion-column-has-shadow fusion-flex-justify-content-flex-start fusion-content-layout-column\"><div class=\"fusion-image-element \" style=\"--awb-caption-title-font-family:var(--h2_typography-font-family);--awb-caption-title-font-weight:var(--h2_typography-font-weight);--awb-caption-title-font-style:var(--h2_typography-font-style);--awb-caption-title-size:var(--h2_typography-font-size);--awb-caption-title-transform:var(--h2_typography-text-transform);--awb-caption-title-line-height:var(--h2_typography-line-height);--awb-caption-title-letter-spacing:var(--h2_typography-letter-spacing);\"><span class=\" fusion-imageframe imageframe-none imageframe-2 hover-type-none\"><img decoding=\"async\" width=\"640\" height=\"800\" title=\"Cocuy91051\" src=\"https:\/\/pabloporras.com\/wp-content\/uploads\/2021\/05\/Cocuy91051.jpg\" alt class=\"img-responsive wp-image-5463\" srcset=\"https:\/\/pabloporras.com\/wp-content\/uploads\/2021\/05\/Cocuy91051-240x300.jpg 240w, https:\/\/pabloporras.com\/wp-content\/uploads\/2021\/05\/Cocuy91051.jpg 640w\" sizes=\"(max-width: 640px) 100vw, 640px\" \/><\/span><\/div><div class=\"fusion-separator fusion-full-width-sep\" style=\"align-self: center;margin-left: auto;margin-right: auto;width:100%;\"><div class=\"fusion-separator-border sep-double\" style=\"--awb-height:20px;--awb-amount:20px;border-color:var(--awb-color3);border-top-width:1px;border-bottom-width:1px;\"><\/div><\/div><div class=\"fusion-image-element \" style=\"--awb-caption-title-font-family:var(--h2_typography-font-family);--awb-caption-title-font-weight:var(--h2_typography-font-weight);--awb-caption-title-font-style:var(--h2_typography-font-style);--awb-caption-title-size:var(--h2_typography-font-size);--awb-caption-title-transform:var(--h2_typography-text-transform);--awb-caption-title-line-height:var(--h2_typography-line-height);--awb-caption-title-letter-spacing:var(--h2_typography-letter-spacing);\"><span class=\" fusion-imageframe imageframe-none imageframe-3 hover-type-none\"><img decoding=\"async\" width=\"800\" height=\"706\" title=\"Cocuy91042\" src=\"https:\/\/pabloporras.com\/wp-content\/uploads\/2021\/05\/Cocuy91042.jpg\" alt class=\"img-responsive wp-image-5470\" srcset=\"https:\/\/pabloporras.com\/wp-content\/uploads\/2021\/05\/Cocuy91042-300x265.jpg 300w, https:\/\/pabloporras.com\/wp-content\/uploads\/2021\/05\/Cocuy91042-768x678.jpg 768w, https:\/\/pabloporras.com\/wp-content\/uploads\/2021\/05\/Cocuy91042.jpg 800w\" sizes=\"(max-width: 800px) 100vw, 800px\" \/><\/span><\/div><div class=\"fusion-separator fusion-full-width-sep\" style=\"align-self: center;margin-left: auto;margin-right: auto;width:100%;\"><div class=\"fusion-separator-border sep-double\" style=\"--awb-height:20px;--awb-amount:20px;border-color:var(--awb-color3);border-top-width:1px;border-bottom-width:1px;\"><\/div><\/div><div class=\"fusion-image-element \" style=\"--awb-caption-title-font-family:var(--h2_typography-font-family);--awb-caption-title-font-weight:var(--h2_typography-font-weight);--awb-caption-title-font-style:var(--h2_typography-font-style);--awb-caption-title-size:var(--h2_typography-font-size);--awb-caption-title-transform:var(--h2_typography-text-transform);--awb-caption-title-line-height:var(--h2_typography-line-height);--awb-caption-title-letter-spacing:var(--h2_typography-letter-spacing);\"><span class=\" fusion-imageframe imageframe-none imageframe-4 hover-type-none\"><img decoding=\"async\" width=\"800\" height=\"522\" title=\"Cocuy91149\" src=\"https:\/\/pabloporras.com\/wp-content\/uploads\/2021\/05\/Cocuy91149.jpg\" alt class=\"img-responsive wp-image-5478\" srcset=\"https:\/\/pabloporras.com\/wp-content\/uploads\/2021\/05\/Cocuy91149-300x196.jpg 300w, https:\/\/pabloporras.com\/wp-content\/uploads\/2021\/05\/Cocuy91149-768x501.jpg 768w, https:\/\/pabloporras.com\/wp-content\/uploads\/2021\/05\/Cocuy91149.jpg 800w\" sizes=\"(max-width: 800px) 100vw, 800px\" \/><\/span><\/div><div class=\"fusion-separator fusion-full-width-sep\" style=\"align-self: center;margin-left: auto;margin-right: auto;width:100%;\"><div class=\"fusion-separator-border sep-double\" style=\"--awb-height:20px;--awb-amount:20px;border-color:var(--awb-color3);border-top-width:1px;border-bottom-width:1px;\"><\/div><\/div><div class=\"fusion-image-element \" style=\"--awb-caption-title-font-family:var(--h2_typography-font-family);--awb-caption-title-font-weight:var(--h2_typography-font-weight);--awb-caption-title-font-style:var(--h2_typography-font-style);--awb-caption-title-size:var(--h2_typography-font-size);--awb-caption-title-transform:var(--h2_typography-text-transform);--awb-caption-title-line-height:var(--h2_typography-line-height);--awb-caption-title-letter-spacing:var(--h2_typography-letter-spacing);\"><span class=\" fusion-imageframe imageframe-none imageframe-5 hover-type-none\"><img decoding=\"async\" width=\"800\" height=\"520\" title=\"Cocuy91159\" src=\"https:\/\/pabloporras.com\/wp-content\/uploads\/2021\/05\/Cocuy91159.jpg\" alt class=\"img-responsive wp-image-5479\" srcset=\"https:\/\/pabloporras.com\/wp-content\/uploads\/2021\/05\/Cocuy91159-300x195.jpg 300w, https:\/\/pabloporras.com\/wp-content\/uploads\/2021\/05\/Cocuy91159-768x499.jpg 768w, https:\/\/pabloporras.com\/wp-content\/uploads\/2021\/05\/Cocuy91159.jpg 800w\" sizes=\"(max-width: 800px) 100vw, 800px\" \/><\/span><\/div><div class=\"fusion-separator fusion-full-width-sep\" style=\"align-self: center;margin-left: auto;margin-right: auto;width:100%;\"><div class=\"fusion-separator-border sep-double\" style=\"--awb-height:20px;--awb-amount:20px;border-color:var(--awb-color3);border-top-width:1px;border-bottom-width:1px;\"><\/div><\/div><div class=\"fusion-image-element \" style=\"--awb-caption-title-font-family:var(--h2_typography-font-family);--awb-caption-title-font-weight:var(--h2_typography-font-weight);--awb-caption-title-font-style:var(--h2_typography-font-style);--awb-caption-title-size:var(--h2_typography-font-size);--awb-caption-title-transform:var(--h2_typography-text-transform);--awb-caption-title-line-height:var(--h2_typography-line-height);--awb-caption-title-letter-spacing:var(--h2_typography-letter-spacing);\"><span class=\" fusion-imageframe imageframe-none imageframe-6 hover-type-none\"><img decoding=\"async\" width=\"800\" height=\"527\" title=\"Cocuy91148\" src=\"https:\/\/pabloporras.com\/wp-content\/uploads\/2021\/05\/Cocuy91148.jpg\" alt class=\"img-responsive wp-image-5466\" srcset=\"https:\/\/pabloporras.com\/wp-content\/uploads\/2021\/05\/Cocuy91148-300x198.jpg 300w, https:\/\/pabloporras.com\/wp-content\/uploads\/2021\/05\/Cocuy91148-768x506.jpg 768w, https:\/\/pabloporras.com\/wp-content\/uploads\/2021\/05\/Cocuy91148.jpg 800w\" sizes=\"(max-width: 800px) 100vw, 800px\" \/><\/span><\/div><div class=\"fusion-separator fusion-full-width-sep\" style=\"align-self: center;margin-left: auto;margin-right: auto;width:100%;\"><div class=\"fusion-separator-border sep-double\" style=\"--awb-height:20px;--awb-amount:20px;border-color:var(--awb-color3);border-top-width:1px;border-bottom-width:1px;\"><\/div><\/div><div class=\"fusion-image-element \" style=\"--awb-caption-title-font-family:var(--h2_typography-font-family);--awb-caption-title-font-weight:var(--h2_typography-font-weight);--awb-caption-title-font-style:var(--h2_typography-font-style);--awb-caption-title-size:var(--h2_typography-font-size);--awb-caption-title-transform:var(--h2_typography-text-transform);--awb-caption-title-line-height:var(--h2_typography-line-height);--awb-caption-title-letter-spacing:var(--h2_typography-letter-spacing);\"><span class=\" fusion-imageframe imageframe-none imageframe-7 hover-type-none\"><img decoding=\"async\" width=\"800\" height=\"524\" title=\"Cocuy91132\" src=\"https:\/\/pabloporras.com\/wp-content\/uploads\/2021\/05\/Cocuy91132.jpg\" alt class=\"img-responsive wp-image-5477\" srcset=\"https:\/\/pabloporras.com\/wp-content\/uploads\/2021\/05\/Cocuy91132-300x197.jpg 300w, https:\/\/pabloporras.com\/wp-content\/uploads\/2021\/05\/Cocuy91132-768x503.jpg 768w, https:\/\/pabloporras.com\/wp-content\/uploads\/2021\/05\/Cocuy91132.jpg 800w\" sizes=\"(max-width: 800px) 100vw, 800px\" \/><\/span><\/div><\/div><\/div><div class=\"fusion-layout-column fusion_builder_column fusion-builder-column-4 fusion_builder_column_2_3 2_3 fusion-flex-column\" style=\"--awb-bg-size:cover;--awb-width-large:66.666666666667%;--awb-margin-top-large:0px;--awb-spacing-right-large:2.88%;--awb-margin-bottom-large:20px;--awb-spacing-left-large:2.88%;--awb-width-medium:66.666666666667%;--awb-order-medium:0;--awb-spacing-right-medium:2.88%;--awb-spacing-left-medium:2.88%;--awb-width-small:100%;--awb-order-small:0;--awb-spacing-right-small:1.92%;--awb-spacing-left-small:1.92%;\"><div class=\"fusion-column-wrapper fusion-column-has-shadow fusion-flex-justify-content-flex-start fusion-content-layout-column\"><div class=\"fusion-text fusion-text-3\"><p style=\"text-align: justify;\"><span style=\"font-size: 14pt;\"><strong>Cuando no todo es una miel<\/strong><\/span><\/p>\n<p style=\"text-align: justify;\"><span style=\"font-size: 14pt;\">Con la llegada del turismo masivo al Cocuy aparecieron los problemas y las restricciones que hicieron que el encanto del parque se haya perdido. Se les dio prioridad a los operadores tur\u00edsticos. Ahora hay que subir y bajar en el mismo d\u00eda, pagar la entrada al parque, el seguro de asistencia y contratar obligatoriamente un gu\u00eda, lo cual no es malo, pero pasamos de ser seres contemplativos a hombres de negocio que buscan lucrarse de la naturaleza, dejando excluidos a deportistas y expedicionarios. Ese af\u00e1n conservacionista de gente en escritorio, con poder, buenas conexiones y amantes de la palabra PROHIBIDO, dictamin\u00f3 con una simple firma en el decreto de turno, el expropiar de su casa a los monta\u00f1istas para ced\u00e9rsela a los turistas.<\/span><\/p>\n<p style=\"text-align: justify;\"><span style=\"font-size: 14pt;\">Para obtener algunas fotograf\u00edas en un solo d\u00eda de permiso de entrada hay que alquilar las mulas para hacerlo r\u00e1pido y no s\u00e9 qu\u00e9 hace m\u00e1s da\u00f1o, sin grupo de cuarenta mulas subiendo y bajando turistas de la monta\u00f1a o tres hombres con morrales caminando por el parque nevado. Cuando las mulas son escasas hay que apurarlas a bajar, con el fin de dar paso al siguiente grupo de visitantes a subir y a sufrir de mal de altura por no tener tiempo para aclimatarse y mucho menos hablar con la gente de las fincas o acampar en la zona debido a las nuevas regulaciones para favorecer la privatizaci\u00f3n.<\/span><\/p>\n<p style=\"text-align: justify;\"><span style=\"font-size: 14pt;\">El Cocuy se fue al traste. Ya no tiene nieve, desapareci\u00f3 por el calentamiento global y no por culpa de los monta\u00f1istas, nos prohibieron la entrada a los \u201cda\u00f1inos\u201d expedicionarios. Solo quedan los turistas de un d\u00eda, que suben enga\u00f1ados con fotos antiguas a buscar los paisajes de anta\u00f1o en reba\u00f1os numerosos rentables. Pens\u00e9 que todo lo malo que le pod\u00eda pasar al parque ya le hab\u00eda sucedido, pero le faltaba la estocada final dada con la anuencia del director de parques y la administraci\u00f3n municipal de turno, el desmonte completo de las caba\u00f1as que por tantos a\u00f1os nos prestaron un servicio a los monta\u00f1istas y la prohibici\u00f3n a nuestros viejos amigos, los campesinos residentes por d\u00e9cadas en la base de la monta\u00f1a a hospedar personas en su propiedad. En estos tiempos de la Colombia convulsionada, tambi\u00e9n hace falta nuestro clamor: \u201cEXIGIMOS LA DEVOLUCI\u00d3N DE LA SIERRA\u201d<\/span><\/p>\n<p style=\"text-align: justify;\">&nbsp;<\/p>\n<p style=\"text-align: justify;\"><span style=\"font-size: 14pt;\"><strong>Hilando la historia<\/strong><\/span><\/p>\n<p style=\"text-align: justify;\"><span style=\"font-size: 14pt;\">Hablar de treinta a\u00f1os atr\u00e1s cuando la palabra turismo a\u00fan no hab\u00eda permeado el parque, definitivamente trae a mi mente el refr\u00e1n de nuestros abuelos \u201cTodo tiempo pasado fue mejor\u201d. No hab\u00eda restricciones de ning\u00fan tipo, pues eran pocos los que se aventuraban en su territorio lo que hac\u00eda que el impacto ambiental fuera m\u00ednimo. Fuimos entrenados para caminar siempre con nuestras cosas, para bajar todos nuestros desechos por completo en bolsas amarradas a los morrales, lo que hac\u00eda que pens\u00e1ramos muy bien lo que deb\u00edamos llevar y muy pocas veces encontr\u00e1bamos otra carpa en el camino.<\/span><\/p>\n<p style=\"text-align: justify;\"><span style=\"font-size: 14pt;\">Tuve que recurrir a mis compa\u00f1eros de esa aventura para escribir a tres manos e hilar los recuerdos y an\u00e9cdotas del magn\u00edfico viaje de dos semanas que afrontamos sin el equipo adecuado, con exceso de comida y mucho peso en nuestros morrales, sin embargo, escalamos el Pulpito del Diablo, hicimos cumbre en el Ritacuba Blanco, disfrutamos de la pesca en La Laguna de Los Verdes y de paseo en bote inflable en la Laguna de la Isla. Acampamos, exploramos, corrimos y planeamos el retorno al Cocuy que con el tiempo se convertir\u00eda en el patio trasero de juegos de nuestra casa.<\/span><\/p>\n<p style=\"text-align: justify;\"><span style=\"font-size: 14pt;\">Esa primera vez en el Cocuy me dej\u00f3 marcado para el resto de mi vida. Aprend\u00ed a perseverar hasta cumplir el objetivo trasado en la traves\u00eda, donde pesa m\u00e1s la fuerza de voluntad que la misma preparaci\u00f3n f\u00edsica. Los limites, los pon\u00edamos nosotros mismos.<\/span><\/p>\n<p style=\"text-align: justify;\">&nbsp;<\/p>\n<p style=\"text-align: justify;\"><span style=\"font-size: 14pt;\"><strong>Presentaci\u00f3n en sociedad<\/strong><\/span><\/p>\n<p style=\"text-align: justify;\"><span style=\"font-size: 14pt;\">Durante mi formaci\u00f3n profesional en la Jorge Tadeo Lozano en Bogot\u00e1 entre los a\u00f1os 1985 a 1989, fui cofundador del grupo de monta\u00f1ismo \u201cO2\u201d de la universidad que en sus inicios fue apoyado por los m\u00e1s experimentados escaladores de la universidad Javeriana a quienes a\u00f1os despu\u00e9s ver\u00eda atacando muchas de las cumbres de m\u00e1s de 8000 msnm en Asia y Europa. Nuestros entrenamientos de escalada se hac\u00edan en Suesca, los de media monta\u00f1a en extensas caminatas entre poblados cercanos a Bogot\u00e1, los de paramo en Sumapaz, Siecha, Iguaque y los de alta monta\u00f1a en el Nevado del Tolima.<\/span><\/p>\n<p style=\"text-align: justify;\"><span style=\"font-size: 14pt;\">Al retornar a Bucaramanga busque a un grupo de estudiantes de la Universidad Industrial de Santander que estaba convocando alumnos para intentar formar su grupo de monta\u00f1ismo. Asist\u00ed a una reuni\u00f3n en la UIS donde conoc\u00ed a Fabio Blanco y Leonel G\u00f3mez quienes hab\u00edan ido en varias ocasiones al nevado. Comenzamos a hacer salidas de fin de semana para caminar en la monta\u00f1a y escalar en Pescadero. La idea era hacer un entrenamiento progresivo para ir conoci\u00e9ndonos en situaciones de camping, monta\u00f1a y convivencia para posteriormente ir al nevado del Cocuy.<\/span><\/p>\n<p style=\"text-align: justify;\">&nbsp;<\/p>\n<p style=\"text-align: justify;\"><span style=\"font-size: 14pt;\"><strong>Mas ganas que equipo<\/strong><\/span><\/p>\n<p style=\"text-align: justify;\"><span style=\"font-size: 14pt;\">Fabio ten\u00eda el firme prop\u00f3sito de escalar el Pulpito del diablo, una gigante formaci\u00f3n rocosa en medio de la nieve de 70 metros de altura cerca al cerro del Pan de Az\u00facar. Nuestro equipo de escalada era insuficiente un par de stoppers o empotradores, un par de cuerdas de amarrar ganado, tres arneses, algunos mosquetones y un par de piolets.<\/span><\/p>\n<p style=\"text-align: justify;\"><span style=\"font-size: 14pt;\">Recurrimos a la industria de mi padre para tomar tuercas hexagonales de hierro de diversos tama\u00f1os, reform\u00e1ndolas con el esmeril para alargar dos de sus caras para que quedaran en forma de cu\u00f1a y pasarles una cuerda por el centro para colocar el mosquet\u00f3n. Constru\u00ed un par de crampones con platina de hierro de media pulgada para adapt\u00e1rselos a unas botas ca\u00f1a alta de motociclista en cuero y me llev\u00e9 del taller unas gafas de protecci\u00f3n con vidrio oscuro usadas en oxicorte. Nananena -la abuela de Leonel- nos ayud\u00f3 con la fabricaci\u00f3n de unas delgadas colchonetas aislantes en tela impermeable color naranja que conten\u00edan en su interior laminillas de icopor y fabric\u00f3 el voluminoso sleeping bag de Leonel utilizando plumas blancas de gallina sin tratar.<\/span><\/p>\n<p style=\"text-align: justify;\"><span style=\"font-size: 14pt;\">El hermano de Fabio nos prest\u00f3 su carpa y estufa de monta\u00f1a. Para ahorrar algo de peso decidimos que cada uno llevar\u00eda su cuchara y compartir\u00edamos el alimento de la \u00fanica olla que llevar\u00edamos. Compramos la comida para quince d\u00edas y los tiquetes para salir el lunes 7 de enero de 1991 desde Bucaramanga en el bus de la empresa Cotrans de cuatro de la ma\u00f1ana. El viaje tomo once horas en un inc\u00f3modo bus usado para carga agr\u00edcola y pasajeros hasta El Espino y luego de una corta espera realizamos el transbordo en un mixto. Llegamos al pueblo cerca de las cinco de la tarde a buscar la casa de los Velandia al lado izquierdo de la iglesia. Era la casa paterna de Jairo Velandia, un estudiante boyacense oriundo del Cocuy y amigo de Fabio.<\/span><\/p>\n<p style=\"text-align: justify;\">&nbsp;<\/p>\n<p style=\"text-align: justify;\"><span style=\"font-size: 14pt;\"><strong>Aclimatando en el pueblo<\/strong><\/span><\/p>\n<p style=\"text-align: justify;\"><span style=\"font-size: 14pt;\">Los Velandia nos instalaron en una de las amplias habitaciones del segundo nivel con piso de madera y vista al parque. Deb\u00edamos pasar un d\u00eda completo en el pueblo para irnos adaptando a la altura. En el primer piso funcionaba la f\u00e1brica de queso reinoso el cual prensaban en moldes y hac\u00edan ruedas de unos cincuenta cent\u00edmetros de di\u00e1metro y quince de altura. Conoc\u00eda su indiscutible olor pues lo usaba como carnada para la pesca de sabaletas en tierra caliente. Estaba en el para\u00edso.<\/span><\/p>\n<p style=\"text-align: justify;\"><span style=\"font-size: 14pt;\">En el mapa del Parque Nacional Natural el Cocuy ubicado en el centro de la plaza principal, Leonel y Fabio pudieron explicarme con claridad la ruta que har\u00edamos. Saldr\u00edamos del Cocuy en el lechero de siete de la ma\u00f1ana hasta el alto de la Cueva, caminar\u00edamos por la carretera pasando por la caba\u00f1a de los Herrera, luego hasta la caba\u00f1a del Himat, tomar\u00edamos la ruta hacia Lagunillas y har\u00edamos el desv\u00edo por el paso del Hotelito para subir a hacer campamento en la base rocosa cerca del Pan de Az\u00facar y del Pulpito. En el peque\u00f1o mapa tridimensional se ve\u00eda facil\u00edsimo.<\/span><\/p>\n<p style=\"text-align: justify;\"><span style=\"font-size: 14pt;\">Compramos en una de las tiendas del pueblo unos peque\u00f1os panes duros que Leonel y Fabio conoc\u00edan por su durabilidad y consistencia. Deb\u00edamos dejar en casa de los Velandia la mitad del mercado junto al bote inflable y los remos para hacer la segunda parte del viaje en una semana. Recorrimos el pueblo, pasamos calmadamente el d\u00eda y agradecimos por el bondadoso clima de verano que est\u00e1bamos teniendo.<\/span><\/p>\n<p style=\"text-align: justify;\">&nbsp;<\/p>\n<p style=\"text-align: justify;\"><span style=\"font-size: 14pt;\"><strong>Cuchareando la comida<\/strong><\/span><\/p>\n<p style=\"text-align: justify;\"><span style=\"font-size: 14pt;\">La suerte de principiante estuvo a nuestro favor en el primer d\u00eda de traves\u00eda. Salimos desde el pueblo en una camioneta que iba hasta donde los Herrera ahorr\u00e1ndonos un par de kil\u00f3metros en la caminata. La voluminosa carga de nuestros morrales era f\u00e1cilmente apreciable con las cuerdas y piolets amarrados al exterior del morral y un decorativo y funcional dispensador de papel higi\u00e9nico de collar, hecho por Leonel con una cuerda atravesando el rollo y una bolsa pl\u00e1stica protegi\u00e9ndolo de la humedad.<\/span><\/p>\n<p style=\"text-align: justify;\"><span style=\"font-size: 14pt;\">El tramo inicial se realiz\u00f3 lentamente sobre un carreteable en buen estado y seg\u00fan el planteamiento establecido para ir acomod\u00e1ndonos a la carga y la altura. Seis kil\u00f3metros despu\u00e9s la topograf\u00eda cambi\u00f3 y el peso de la carga hizo que empez\u00e1ramos a sentir el ascenso haci\u00e9ndonos parar cada treinta minutos. La toma de fotograf\u00edas era la excusa perfecta para tomar un nuevo respiro.<\/span><\/p>\n<p style=\"text-align: justify;\"><span style=\"font-size: 14pt;\">Con luz d\u00eda llegamos a instalar el campamento en el boquer\u00f3n debajo de la imponente monta\u00f1a. Preparamos la comida y al momento de poner nuestras cucharas en la olla fui increpado por mis compa\u00f1eros de traves\u00eda ante el tama\u00f1o de la m\u00eda y adem\u00e1s dici\u00e9ndome que ni siquiera me cab\u00eda en la boca. Con una simple demostraci\u00f3n de apertura mandibular pude evidenciarles lo contrario y seguir disfrutando de los alimentos de a una cucharada para cada uno.<\/span><\/p>\n<p style=\"text-align: justify;\"><span style=\"font-size: 14pt;\">La jocosa situaci\u00f3n no paso de ser un chiste y por supuesto siempre repartimos equitativamente nuestras provisiones, pero era dif\u00edcil no re\u00edr cada vez que deb\u00edamos comer de la olla.<\/span><\/p>\n<p style=\"text-align: justify;\">&nbsp;<\/p>\n<p style=\"text-align: justify;\"><span style=\"font-size: 14pt;\"><strong>Probando equipos<\/strong><\/span><\/p>\n<p style=\"text-align: justify;\"><span style=\"font-size: 14pt;\">Las colchonetas aislantes fueron estrenadas y sobre ellas nuestras bolsas de dormir. Mientras le\u00edamos \u201cEl Perfume\u201d Novela de Patrick S\u00fcskind a tres voces y a luz de vela Leonel sinti\u00f3 un peque\u00f1o pinchazo al interior del sleeping. Al meter la mano para buscar que le hab\u00eda ocasionado la molestia encontr\u00f3 una pluma con el ca\u00f1\u00f3n hacia fuera tranquiliz\u00e1ndose de inmediato.<\/span><\/p>\n<p style=\"text-align: justify;\"><span style=\"font-size: 14pt;\">Pasamos nuestra primera noche con intervalos de sue\u00f1o y vigilia producto de la altura. Fabio sali\u00f3 de la carpa y luego yo lo segu\u00ed, Leonel se demor\u00f3 un rato m\u00e1s, pero al momento de hacerlo re\u00edmos a carcajadas pues toda su ropa estaba llena de plumas. El movimiento de Leonel dentro de la bolsa hac\u00eda que el ca\u00f1\u00f3n de las plumas atravesara el forro interno terminando incrustadas en su ropa y haci\u00e9ndonos divertido el verlo cada ma\u00f1ana con su plum\u00edfero disfraz y compartiendo sus plumas con nuestras ropas.&nbsp;<\/span><\/p>\n<p style=\"text-align: justify;\">&nbsp;<\/p>\n<p style=\"text-align: justify;\"><span style=\"font-size: 14pt;\"><strong>Entrenando en la Nieve<\/strong><\/span><\/p>\n<p style=\"text-align: justify;\"><span style=\"font-size: 14pt;\">Nuestro campamento uno estaba a veinte minutos subiendo a borde de nieve. Est\u00e1bamos enclavados en la mitad de la esplendorosa sierra rodeados de roca, monta\u00f1as y picos nevados. Todos los d\u00edas hac\u00edamos el trayecto realizando un entrenamiento progresivo aumentando la dificultad de las caminatas, el manejo de cordadas y de piolets para adiestrarnos en ca\u00eddas y emergencias. Era un deleite poder subir d\u00eda a d\u00eda y ver el mismo paisaje desde otros \u00e1ngulos, con diversa luminosidad, temperatura y c\u00famulos de nubes.<\/span><\/p>\n<p style=\"text-align: justify;\"><span style=\"font-size: 14pt;\">Rodeamos el Pulpito del Diablo varias veces para estudiar la mejor ruta de escalada, conoc\u00edamos perimetralmente toda su base y Fabio decidi\u00f3 el punto de acceso, solo restaba por planificar la jornada para intentarlo. El d\u00eda que realizamos la escalada larga hacia el Pan de Az\u00facar, Fabio tuvo la certeza de hacerlo, desde all\u00ed tuvimos una vista superior de la roca donde pudo confirmar su an\u00e1lisis y decidimos enfrentarlo al d\u00eda siguiente.<\/span><\/p>\n<p style=\"text-align: justify;\">&nbsp;<\/p>\n<p style=\"text-align: justify;\"><span style=\"font-size: 14pt;\"><strong>El gran Susto<\/strong><\/span><\/p>\n<p style=\"text-align: justify;\"><span style=\"font-size: 14pt;\">Partimos de madrugada para poder tener el tiempo a nuestro favor. Fabio abrir\u00eda la ruta haciendo la seguridad de cordada, Leonel ir\u00eda en el medio y yo de ultimo por ser el menos experimentado. Mientras Fabio hacia todo el trabajo de empotramiento con las tuercas en la roca, nosotros deb\u00edamos esperar pacientemente para poder avanzar un par de metros.<\/span><\/p>\n<p style=\"text-align: justify;\"><span style=\"font-size: 14pt;\">El no encontrar buenas posibilidades de anclaje en la grieta hizo que Fabio tuviera una mayor precauci\u00f3n antes de darnos v\u00eda libre para seguir subiendo. En un par de puntos estuvimos completamente inm\u00f3viles por m\u00e1s de treinta minutos, sin posibilidad de subir bajar o tomar fotograf\u00edas. Esa inmovilidad hizo que perdi\u00e9ramos r\u00e1pidamente temperatura corporal.<\/span><\/p>\n<p style=\"text-align: justify;\"><span style=\"font-size: 14pt;\">Despu\u00e9s de algunas horas Fabio cumpli\u00f3 su objetivo y lleg\u00f3 a la parte superior de la roca. Ascendimos y celebramos. Era completamente emocionante estar sobre ese solido techo en la mitad de la nieve. &nbsp;Tomamos las cosas relajadamente y nos dedicamos a la contemplaci\u00f3n por cerca de una hora. Realizamos unas fotos grupales y emprendimos el regreso. El descenso fue dirigido por Fabio con mucha precauci\u00f3n -siendo el momento de la escalada donde se presenta m\u00e1s accidentes-. Llegamos a la base nevada sin contratiempos y empezamos a recoger el equipo para bajar hacia el campamento.<\/span><\/p>\n<p style=\"text-align: justify;\"><span style=\"font-size: 14pt;\">Leonel repentinamente empez\u00f3 a decir incoherencias y a mirar hacia los lados, pensamos que estaba bromeando hasta que despu\u00e9s de un rato ya no pod\u00eda gesticular y su err\u00e1tico comportamiento nos alarm\u00f3.&nbsp; Tomamos los morrales de asalto con el equipo y comenzamos a bajarlo tom\u00e1ndolo cada uno de un brazo.<\/span><\/p>\n<p style=\"text-align: justify;\"><span style=\"font-size: 14pt;\">Poco a poco Leonel perdi\u00f3 su fuerza de voluntad y se desmadejo por completo. Era imposible arr\u00e1stralo por la topograf\u00eda del terreno. Tuvimos que dejar a Leonel en el centro, pasar sus brazos por encima de nuestros cuellos y caminar coordinadamente en intervalos cortos mientras soport\u00e1bamos su peso. Nos tom\u00f3 m\u00e1s de una hora llegar a la carpa y acostarlo dentro de su bolsa. Era de noche y ser\u00eda muy peligroso seguir bajando a buscar ayuda.<\/span><\/p>\n<p style=\"text-align: justify;\"><span style=\"font-size: 14pt;\">La noche fue angustiante ante la incertidumbre del estado de salud de Leonel. En la madrugada, Leonel despert\u00f3 como si nada, pero ten\u00eda una laguna mental, no supo c\u00f3mo hab\u00eda llegado desde la base del Pulpito del Diablo hasta la carpa. Al deshilar lo sucedido el d\u00eda anterior en la escalada ca\u00edmos en cuenta que nuestra ingesta de alimentos hab\u00eda sido muy poca. Estar concentrados en la seguridad de cordada y el fr\u00edo que hab\u00edamos soportado hab\u00edan hecho que Leonel se enfermara y solo hasta ese momento nos confesara que era hipoglic\u00e9mico y que deb\u00eda comer cada treinta minutos.<\/span><\/p>\n<p style=\"text-align: justify;\"><span style=\"font-size: 14pt;\">Afortunadamente corrimos con suerte, pues no ten\u00edamos la experiencia en el manejo de ese tipo de emergencias, -la combinaci\u00f3n de hipotermia e hipoglicemia en altura puede generar verdaderas complicaciones-. El resto de traves\u00eda fuimos m\u00e1s acuciosos en ingerir los sobres de glucosamina que nos hab\u00eda entregado do\u00f1a Olga -la mama de Leonel- para el viaje.<\/span><\/p>\n<p style=\"text-align: justify;\">&nbsp;<\/p>\n<p style=\"text-align: justify;\"><span style=\"font-size: 14pt;\"><strong>Campamento dos<\/strong><\/span><\/p>\n<p style=\"text-align: justify;\"><span style=\"font-size: 14pt;\">Regresamos al Cocuy a recoger los suministros de la casa de los Velandia para la segunda parte del viaje y a tomar una noche de descanso en cama. Infortunadamente despu\u00e9s de ocho d\u00edas de estar durmiendo sobre las colchonetas, el icopor dentro de ellas hab\u00eda colapsado y ya no ofrec\u00eda aislante f\u00edsico del suelo, sent\u00edamos todas las rugosidades del terreno.<\/span><\/p>\n<p style=\"text-align: justify;\"><span style=\"font-size: 14pt;\">Una vez m\u00e1s, mis compa\u00f1eros me ense\u00f1aron en el mapa del parque la ruta de la siguiente semana. Deber\u00edamos tomar de nuevo el lechero rumbo a G\u00fcican y bajarnos un poco m\u00e1s lejos en el desv\u00edo a Las Caba\u00f1as, caminar cinco kil\u00f3metros hasta ellas y de all\u00ed otros seis kil\u00f3metros hasta el valle donde podr\u00edamos acampar. Desde ese lugar se har\u00eda el ataque a la cumbre del Ritacuba Blanco, regresar\u00edamos a descansar otra noche y al d\u00eda siguiente bajar hasta Las Caba\u00f1as para tomar la ruta a la laguna de los verdes y hacer el nuevo campamento.<\/span><\/p>\n<p style=\"text-align: justify;\"><span style=\"font-size: 14pt;\">El bote inflable y los remos incrementaron el peso de nuestros morrales, redistribuimos todo el equipo y emprendimos la nueva jornada. Fabio conoc\u00eda muy bien el terreno y sab\u00eda que no hab\u00eda lugar para acampar muy arriba escogiendo el lugar m\u00e1s plano posible y protegido de la fr\u00eda brisa nocturna.<\/span><\/p>\n<p style=\"text-align: justify;\">&nbsp;<\/p>\n<p style=\"text-align: justify;\"><span style=\"font-size: 14pt;\"><strong>Cumbre manchada<\/strong><\/span><\/p>\n<p style=\"text-align: justify;\"><span style=\"font-size: 14pt;\">Dormimos pl\u00e1cidamente en el suave terreno y adem\u00e1s est\u00e1bamos muy bien aclimatados. Caminamos por algunas horas hasta el borde de nieve e iniciamos el ascenso por el costado rocoso. Fabio no se encontraba bien y nos dijo que sigui\u00e9ramos adelante que luego nos alcanzar\u00eda. Leonel tomo la delantera y yo segu\u00ed su camino hasta el sitio donde el considero deb\u00edamos ponernos los crampones y seguir subiendo por la nieve. Por ser zona de grietas nos encordamos a veinte metros de distancia, yo me quede atr\u00e1s haciendo la seguridad y Leonel adelante, picando la nieve con el piolet y caminando despacio evitando el terreno inseguro.<\/span><\/p>\n<p style=\"text-align: justify;\"><span style=\"font-size: 14pt;\">Cuando llegamos a la cumbre nos retiramos moment\u00e1neamente las gafas para hacer las fotograf\u00edas alrededor del pico y nos sorprendimos de encontrar la nieve sucia, con peque\u00f1as manchas irregulares de color amarillo p\u00e1lido. Pensamos incluso lo peor, que alguien hab\u00eda festejado su ascenso orinando sobre ella.<\/span><\/p>\n<p style=\"text-align: justify;\"><span style=\"font-size: 14pt;\">Esperamos un tiempo prudente por Fabio y nunca lo vimos sobre la nieve. Comenzamos el descenso y lo encontramos justo en la zona de rocas, hab\u00eda dormido un poco y se encontraba mucho mejor. Le contamos sobre la cima manchada y tampoco tuvo explicaci\u00f3n alguna.<\/span><\/p>\n<p style=\"text-align: justify;\"><span style=\"font-size: 14pt;\">En 1994 regrese al Ritacuba a hacer una traves\u00eda en bicicleta y me hospede en el hotel del profe en G\u00fcican, hice mi registro en el libro de visitas del hotel y me puse a pasar hojas hacia atr\u00e1s revisando las impresiones de los visitantes del nevado. Quede pasmado al encontrar en los registros de enero de 1991 el escrito de una mujer hablando de haber cumplido la \u00faltima voluntad de su hermano, la cual era arrojar sus cenizas en la cumbre del Ritacuba Blanco.<\/span><\/p>\n<p style=\"text-align: justify;\"><span style=\"font-size: 14pt;\">Tiempo despu\u00e9s, Leonel en un aeropuerto cruz\u00f3 su camino con una amiga santandereana de la universidad quien result\u00f3 ser la hermana del monta\u00f1ista muerto. Tras el tr\u00e1gico fallecimiento de su hermano ella hab\u00eda decidido cumplir sus deseos y contratar alguien para subir a la cima y consumar su voluntad.<\/span><\/p>\n<p style=\"text-align: justify;\">&nbsp;<\/p>\n<p style=\"text-align: justify;\"><span style=\"font-size: 14pt;\"><strong>Vacaciones en los verdes<\/strong><\/span><\/p>\n<p style=\"text-align: justify;\"><span style=\"font-size: 14pt;\">La \u00faltima parte de la traves\u00eda seria la m\u00eda, la del agua. Ten\u00eda que justificar el haber llevado el bote inflable al Cocuy. Desarmamos nuestro campamento y emprendimos el retorno a Las Caba\u00f1as para luego atravesar la monta\u00f1a y tomar el sendero hacia la Laguna. Despu\u00e9s de una media hora de haber pasado el boquer\u00f3n del Cardenillo, pude apreciarla abajo en el valle.<\/span><\/p>\n<p style=\"text-align: justify;\"><span style=\"font-size: 14pt;\">Armamos la carpa en medio de los frailejones cerca del agua para protegernos de la brisa e inmediatamente comenc\u00e9 a pescar. Las vacaciones hab\u00edan llegado y con ella una generosa dieta de trucha que recompens\u00f3 nuestro esfuerzo. Despu\u00e9s de dos noches decidimos hacer la caminata a la Laguna de la Isla situada a una mayor altura.<\/span><\/p>\n<p style=\"text-align: justify;\"><span style=\"font-size: 14pt;\">La escarpada topograf\u00eda de la zona la hac\u00eda de dif\u00edcil acceso. Subimos hasta el alto de los Frailes, para luego descender hasta el borde de la laguna, donde encontramos filosas e irregulares piedras que atentaban contra la integridad del viejo bote. Tomamos turnos para inflarlo a pulm\u00f3n, tardando m\u00e1s de media hora y gan\u00e1ndonos un leve mareo de tanto soplar, pero el esfuerzo bien val\u00eda la pena. Remamos hasta la isla en el centro de la laguna, desembarcamos con precauci\u00f3n y con el \u00e1nimo de conquistadores de exabruptos, construimos un peque\u00f1o moj\u00f3n en piedra sobre la roca plana m\u00e1s alta que encontramos.<\/span><\/p>\n<p style=\"text-align: justify;\"><span style=\"font-size: 14pt;\">Regresamos a la Laguna de los Verdes con el firme prop\u00f3sito de terminar nuestras provisiones, no quer\u00edamos llevar peso innecesario de regreso. La olla hab\u00eda empezado a generar una costra interna de residuos de alimentos, decidimos cambiar el men\u00fa de trucha frita a guisada. Preparamos un gran caldo de trucha sobre esa base con un p\u00e9simo resultado, el caldo fue incomible. Nuestro error culinario a\u00fan no ha sido olvidado. Como lo describimos en esa \u00e9poca, sabia a caldo de <em>Bon Bril<\/em> que era la marca de esponjilla met\u00e1lica que usaban nuestras madres. Tuvimos que rehacer la comida y ser m\u00e1s cuidadosos con la limpieza de nuestra \u00fanica olla.<\/span><\/p>\n<p style=\"text-align: justify;\"><span style=\"font-size: 14pt;\">Desde el inicio de la traves\u00eda hab\u00eda escondido en mi morral con la complicidad de Fabio una lata de \u201cSpam\u201d, una especie de jamonada de cerdo, costosa para la \u00e9poca que solo com\u00edamos en ocasiones especiales y esa lo era. Hab\u00edamos cumplido dos semanas explorando una partecita del parque nevado, caminando, escalando, pescando, planeando el pronto regreso y haciendo nuestra despedida con j\u00fabilo. &nbsp;El viernes 18 de enero del a\u00f1o 1991 le celebramos el cumplea\u00f1os a Leonel en la Laguna de los verdes en el Cocuy.<\/span><\/p>\n<\/div><\/div><\/div><\/div><\/div><div class=\"fusion-fullwidth fullwidth-box fusion-builder-row-3 fusion-flex-container has-pattern-background has-mask-background nonhundred-percent-fullwidth non-hundred-percent-height-scrolling\" style=\"--awb-border-radius-top-left:0px;--awb-border-radius-top-right:0px;--awb-border-radius-bottom-right:0px;--awb-border-radius-bottom-left:0px;--awb-flex-wrap:wrap;\" ><div class=\"fusion-builder-row fusion-row fusion-flex-align-items-flex-start fusion-flex-content-wrap\" style=\"max-width:1248px;margin-left: calc(-4% \/ 2 );margin-right: calc(-4% \/ 2 );\"><div class=\"fusion-layout-column fusion_builder_column fusion-builder-column-5 fusion_builder_column_1_1 1_1 fusion-flex-column\" style=\"--awb-bg-size:cover;--awb-width-large:100%;--awb-margin-top-large:0px;--awb-spacing-right-large:1.92%;--awb-margin-bottom-large:20px;--awb-spacing-left-large:1.92%;--awb-width-medium:100%;--awb-order-medium:0;--awb-spacing-right-medium:1.92%;--awb-spacing-left-medium:1.92%;--awb-width-small:100%;--awb-order-small:0;--awb-spacing-right-small:1.92%;--awb-spacing-left-small:1.92%;\"><div class=\"fusion-column-wrapper fusion-column-has-shadow fusion-flex-justify-content-flex-start fusion-content-layout-column\"><div class=\"fusion-flickr-element loading flickr-1 fusion-no-medium-visibility hover-zoomin fusion-animated\" style=\"--awb-column-width:25%;--awb-column-space:10;--awb-md-column-width:25%;--awb-md-column-space:10;--awb-sm-column-width:25%;--awb-sm-column-space:10;\" data-api_key=\"971fb0d32cd4e17debf91e0b056897d4\" data-id=\"69822888@N07\" data-type=\"album\" data-album_id=\"72157719116287257\" data-count=\"500\" data-link_type=\"lightbox\" data-lazy=\"none\" data-animationType=\"fadeInLeft\" data-animationDuration=\"0.3\" data-animationOffset=\"top-into-view\">\n\t\t\t\t\t<div class=\"fusion-loading-container fusion-clearfix\">\n\t\t\t\t\t\t<div class=\"fusion-loading-spinner\">\n\t\t\t\t\t\t\t<div class=\"fusion-spinner-1\"><\/div>\n\t\t\t\t\t\t\t<div class=\"fusion-spinner-2\"><\/div>\n\t\t\t\t\t\t\t<div class=\"fusion-spinner-3\"><\/div>\n\t\t\t\t\t\t<\/div>\n\t\t\t\t\t<\/div>\n\t\t\t\t<\/div><\/div><\/div><\/div><\/div><\/p>\n","protected":false},"excerpt":{"rendered":"","protected":false},"author":4,"featured_media":5447,"comment_status":"closed","ping_status":"open","sticky":false,"template":"","format":"standard","meta":{"ngg_post_thumbnail":0,"footnotes":""},"categories":[3],"tags":[],"class_list":["post-6429","post","type-post","status-publish","format-standard","has-post-thumbnail","hentry","category-lagunas"],"_links":{"self":[{"href":"https:\/\/pabloporras.com\/index.php?rest_route=\/wp\/v2\/posts\/6429","targetHints":{"allow":["GET"]}}],"collection":[{"href":"https:\/\/pabloporras.com\/index.php?rest_route=\/wp\/v2\/posts"}],"about":[{"href":"https:\/\/pabloporras.com\/index.php?rest_route=\/wp\/v2\/types\/post"}],"author":[{"embeddable":true,"href":"https:\/\/pabloporras.com\/index.php?rest_route=\/wp\/v2\/users\/4"}],"replies":[{"embeddable":true,"href":"https:\/\/pabloporras.com\/index.php?rest_route=%2Fwp%2Fv2%2Fcomments&post=6429"}],"version-history":[{"count":7,"href":"https:\/\/pabloporras.com\/index.php?rest_route=\/wp\/v2\/posts\/6429\/revisions"}],"predecessor-version":[{"id":7072,"href":"https:\/\/pabloporras.com\/index.php?rest_route=\/wp\/v2\/posts\/6429\/revisions\/7072"}],"wp:featuredmedia":[{"embeddable":true,"href":"https:\/\/pabloporras.com\/index.php?rest_route=\/wp\/v2\/media\/5447"}],"wp:attachment":[{"href":"https:\/\/pabloporras.com\/index.php?rest_route=%2Fwp%2Fv2%2Fmedia&parent=6429"}],"wp:term":[{"taxonomy":"category","embeddable":true,"href":"https:\/\/pabloporras.com\/index.php?rest_route=%2Fwp%2Fv2%2Fcategories&post=6429"},{"taxonomy":"post_tag","embeddable":true,"href":"https:\/\/pabloporras.com\/index.php?rest_route=%2Fwp%2Fv2%2Ftags&post=6429"}],"curies":[{"name":"wp","href":"https:\/\/api.w.org\/{rel}","templated":true}]}}